{"id":1105,"date":"2025-05-19T12:27:19","date_gmt":"2025-05-19T12:27:19","guid":{"rendered":"https:\/\/var2.in.rs\/?p=1105"},"modified":"2025-05-19T12:28:07","modified_gmt":"2025-05-19T12:28:07","slug":"amira-medunjanin-22-novembra-u-sava-centru-album-homeland-i-na-vinilu","status":"publish","type":"post","link":"https:\/\/var2.in.rs\/index.php\/2025\/05\/19\/amira-medunjanin-22-novembra-u-sava-centru-album-homeland-i-na-vinilu\/","title":{"rendered":"Amira Medunjanin 22. novembra u Sava centru, album &#8222;Homeland&#8220; i na vinilu\u00a0"},"content":{"rendered":"\n<p>Svetski priznata umetnica <strong>Amira Medunjanin<\/strong> odr\u017ea\u0107e beogradski koncert <strong>22. novembra<\/strong> u<strong> Sava centru<\/strong>, u organizaciji agencije <a href=\"https:\/\/longplay.rs\/\">Long Play<\/a>. Ujedno, ova producentska ku\u0107a objavila je i <strong>vinilno izdanje<\/strong> aktuelnog albuma &#8222;Homeland&#8220;, koji je prethodno predstavljen u digitalnom formatu (izdava\u010d Universal) i na CD-u (Long Play).\u00a0<\/p>\n\n\n\n<figure class=\"wp-block-image size-large\"><a href=\"https:\/\/longplay.rs\/izvodjac\/amira-medunjanin\/\" target=\"_blank\" rel=\" noreferrer noopener\"><img loading=\"lazy\" decoding=\"async\" width=\"819\" height=\"1024\" src=\"https:\/\/var2.in.rs\/wp-content\/uploads\/2025\/05\/01-amira-sc-2025-1350-1080-819x1024.jpg\" alt=\"\" class=\"wp-image-1106\" srcset=\"https:\/\/var2.in.rs\/wp-content\/uploads\/2025\/05\/01-amira-sc-2025-1350-1080-819x1024.jpg 819w, https:\/\/var2.in.rs\/wp-content\/uploads\/2025\/05\/01-amira-sc-2025-1350-1080-240x300.jpg 240w, https:\/\/var2.in.rs\/wp-content\/uploads\/2025\/05\/01-amira-sc-2025-1350-1080-768x960.jpg 768w, https:\/\/var2.in.rs\/wp-content\/uploads\/2025\/05\/01-amira-sc-2025-1350-1080.jpg 1080w\" sizes=\"auto, (max-width: 819px) 100vw, 819px\" \/><\/a><\/figure>\n\n\n\n<p>Amira se vra\u0107a u svoju tradicionalnu bazu, Sava centar, godinu dana posle koncerta za pam\u0107enje u novembru 2024, kada je premijerno predstavila beogradskoj publici album &#8222;Homeland&#8220;. Pesme sa ovog izdanja zasigurno ne\u0107e izostati ni ovoga puta, u standardnoj kombinaciji sa sevdalinkama i tradicionalnim numerama sa na\u0161ih prostora. Medunjanin redovno osve\u017eava set listu, uklju\u010duju\u0107i i njene jedinstvene verzije pop i rok hitova sa ovih prostora poput &#8222;Ako zna\u0161 bilo \u0161to&#8220; Azre, &#8222;Te\u0161ke boje&#8220; Gorana Bareta i Majki, &#8222;Du\u0161o moja&#8220; Kemala Montena, &#8222;Od druga do druga&#8220; Miladina \u0160obi\u0107a, te se tako ne\u0161to mo\u017ee o\u010dekivati i ovoga puta.&nbsp;<\/p>\n\n\n\n<p>Amira, najavljuju\u0107i novi koncert u Sava centru, isti\u010de:&nbsp;<\/p>\n\n\n\n<p><em>&#8222;Iskreno se radujem \u0161to \u0107emo ponovo da se dru\u017eimo 22. novembra. Pro\u0161li nastup u Sava centru je bio magi\u010dan, nadam se da \u0107e tako da bude i ovoga puta. Sre\u0107na sam \u0161to \u0107u biti u prilici da promovi\u0161em novu plo\u010du i da dru\u017eenje nastavimo tamo gde smo stali. Vidimo se, dragi ljudi&#8220;.&nbsp;<\/em><\/p>\n\n\n\n<p>Album &#8222;Homeland&#8220; je osmo studijsko izdanje Amire Medunjanin, prvo sa kompletno autorskim materijalom. Numere &#8222;Alma&#8220;, \u201cPjesmom gradim mostove&#8220;, &#8222;Eh, da mi je&#8220; i druge brzo su osvojile srca njenih obo\u017eavalaca, te ih publika na koncertima jednako emotivno do\u017eivljava kao i godinama unazad poznat repertoar.&nbsp;<\/p>\n\n\n\n<p>Ulaznice za koncert u Sava centru bi\u0107e u prodaji od utorka preko servisa <a href=\"http:\/\/tickets.rs\">Tickets.rs<\/a><\/p>\n","protected":false},"excerpt":{"rendered":"<p>Svetski priznata umetnica Amira Medunjanin odr\u017ea\u0107e beogradski koncert 22. novembra u Sava centru, [&hellip;]<\/p>\n","protected":false},"author":1,"featured_media":0,"comment_status":"closed","ping_status":"closed","sticky":true,"template":"","format":"standard","meta":{"footnotes":""},"categories":[1],"tags":[],"class_list":["post-1105","post","type-post","status-publish","format-standard","hentry","category-uncategorized"],"_links":{"self":[{"href":"https:\/\/var2.in.rs\/index.php\/wp-json\/wp\/v2\/posts\/1105","targetHints":{"allow":["GET"]}}],"collection":[{"href":"https:\/\/var2.in.rs\/index.php\/wp-json\/wp\/v2\/posts"}],"about":[{"href":"https:\/\/var2.in.rs\/index.php\/wp-json\/wp\/v2\/types\/post"}],"author":[{"embeddable":true,"href":"https:\/\/var2.in.rs\/index.php\/wp-json\/wp\/v2\/users\/1"}],"replies":[{"embeddable":true,"href":"https:\/\/var2.in.rs\/index.php\/wp-json\/wp\/v2\/comments?post=1105"}],"version-history":[{"count":1,"href":"https:\/\/var2.in.rs\/index.php\/wp-json\/wp\/v2\/posts\/1105\/revisions"}],"predecessor-version":[{"id":1107,"href":"https:\/\/var2.in.rs\/index.php\/wp-json\/wp\/v2\/posts\/1105\/revisions\/1107"}],"wp:attachment":[{"href":"https:\/\/var2.in.rs\/index.php\/wp-json\/wp\/v2\/media?parent=1105"}],"wp:term":[{"taxonomy":"category","embeddable":true,"href":"https:\/\/var2.in.rs\/index.php\/wp-json\/wp\/v2\/categories?post=1105"},{"taxonomy":"post_tag","embeddable":true,"href":"https:\/\/var2.in.rs\/index.php\/wp-json\/wp\/v2\/tags?post=1105"}],"curies":[{"name":"wp","href":"https:\/\/api.w.org\/{rel}","templated":true}]}}