{"id":1564,"date":"2026-03-11T07:45:55","date_gmt":"2026-03-11T07:45:55","guid":{"rendered":"https:\/\/var2.in.rs\/?p=1564"},"modified":"2026-03-11T07:46:57","modified_gmt":"2026-03-11T07:46:57","slug":"letu-stuke-3-jula-u-luci-beograd","status":"publish","type":"post","link":"https:\/\/var2.in.rs\/index.php\/2026\/03\/11\/letu-stuke-3-jula-u-luci-beograd\/","title":{"rendered":"Letu \u0161tuke 3. jula u Luci Beograd"},"content":{"rendered":"\n<p><strong>Letu \u0161tuke,<\/strong> jedan od najpopularnijih regionalnih sastava u poslednjih dvadesetak godina, odr\u017ea\u0107e veliki koncert <strong>3. jula u Luci Beograd<\/strong>, u organizaciji agencije Long Play. Frontmen Dino \u0160aran, jedan od najuticajnijih pop-rok autora na ovim prostorima, i ekipa se na taj na\u010din vra\u0107aju u srpsku prestonicu posle ne\u0161to vi\u0161e od dve godine.<\/p>\n\n\n\n<figure class=\"wp-block-image size-large\"><a href=\"http:\/\/www.longplay.com\" target=\"_blank\" rel=\" noreferrer noopener\"><img loading=\"lazy\" decoding=\"async\" width=\"768\" height=\"1024\" src=\"https:\/\/var2.in.rs\/wp-content\/uploads\/2026\/03\/2stuke-1440-768x1024.jpg\" alt=\"\" class=\"wp-image-1565\" srcset=\"https:\/\/var2.in.rs\/wp-content\/uploads\/2026\/03\/2stuke-1440-768x1024.jpg 768w, https:\/\/var2.in.rs\/wp-content\/uploads\/2026\/03\/2stuke-1440-225x300.jpg 225w, https:\/\/var2.in.rs\/wp-content\/uploads\/2026\/03\/2stuke-1440-1152x1536.jpg 1152w, https:\/\/var2.in.rs\/wp-content\/uploads\/2026\/03\/2stuke-1440-1536x2048.jpg 1536w, https:\/\/var2.in.rs\/wp-content\/uploads\/2026\/03\/2stuke-1440.jpg 1880w\" sizes=\"auto, (max-width: 768px) 100vw, 768px\" \/><\/a><\/figure>\n\n\n\n<p>Letu \u0161tuke su nedavno predstavile singl &#8222;Idemo pjesmo&#8220;, prethodno i numeru &#8222;Ljudska prava&#8220;, i te dve pesme predstavljaju najavu za peti studijski album &#8222;Eter&#8220;. Kako se isti\u010de, u pitanju je stilski i tematski \u0161aroliko izdanje, a uvodni singlovi na to jasno ukazuju. Oni su se ve\u0107 ustalili u set-listi benda, pa nema sumnje da \u0107e ih \u010duti i beogradska publika. Albumom &#8222;Eter&#8220; Letu \u0161tuke \u0107e prekinuti vi\u0161egodi\u0161nju diskografsku pauzu posle \u010detvrtog izdanja &#8222;Topla voda&#8220; (2018).<\/p>\n\n\n\n<p>Na koncertu 3. jula u Luci Beograd ne\u0107e izostati, naravno, ni sve ono \u0161to je godinama dobro znano, odnosno, pesme bez kojih nijedan Letu \u0161tuke koncert ne mo\u017ee da pro\u0111e: &#8222;Minimalizam&#8220;, &#8222;Mjesto za dvoje&#8220;, &#8222;Sunce&#8220;, &#8222;\u0160uti\u0161&#8220;, &#8222;Zemlja gori&#8220;, &#8222;Pepo Papacoder&#8220;&#8230; Sve to predstavlja mamac za publiku u toj meri da su koncerti benda Letu \u0161tuke redovno rasprodati, i za njih se uvek tra\u017ei karta vi\u0161e.<\/p>\n\n\n\n<p><em>&#8222;Sviramo 3. jula u Luci Beograd. Nije nas bilo neko vreme, tako da jedva \u010dekamo da se ponovo vidimo, zajedno zapevamo i dobro se zabavimo&#8220;<\/em>, kratko poru\u010duje Dino \u0160aran pred beogradski koncert.<\/p>\n\n\n\n<p>Pretprodaja ulaznica po promo ceni od 2.000 dinara po\u010dinje u \u010detvrtak, 11. marta u 10 \u010dasova preko prodajne mre\u017ee Tickets.rs i traja\u0107e do 3. aprila u 10 \u010dasova, kada kre\u0107e redovna prodaja ulaznica, po ceni od 2.500 dinara, tako\u0111e putem prodajne mre\u017ee<a href=\"http:\/\/tickets.rs\/\"> <\/a><a href=\"http:\/\/tickets.rs\/\"><u>Tickets.rs<\/u><\/a>.<\/p>\n","protected":false},"excerpt":{"rendered":"<p>Letu \u0161tuke, jedan od najpopularnijih regionalnih sastava u poslednjih dvadesetak godina, odr\u017ea\u0107e veliki [&hellip;]<\/p>\n","protected":false},"author":1,"featured_media":0,"comment_status":"closed","ping_status":"closed","sticky":false,"template":"","format":"standard","meta":{"footnotes":""},"categories":[1],"tags":[],"class_list":["post-1564","post","type-post","status-publish","format-standard","hentry","category-uncategorized"],"_links":{"self":[{"href":"https:\/\/var2.in.rs\/index.php\/wp-json\/wp\/v2\/posts\/1564","targetHints":{"allow":["GET"]}}],"collection":[{"href":"https:\/\/var2.in.rs\/index.php\/wp-json\/wp\/v2\/posts"}],"about":[{"href":"https:\/\/var2.in.rs\/index.php\/wp-json\/wp\/v2\/types\/post"}],"author":[{"embeddable":true,"href":"https:\/\/var2.in.rs\/index.php\/wp-json\/wp\/v2\/users\/1"}],"replies":[{"embeddable":true,"href":"https:\/\/var2.in.rs\/index.php\/wp-json\/wp\/v2\/comments?post=1564"}],"version-history":[{"count":1,"href":"https:\/\/var2.in.rs\/index.php\/wp-json\/wp\/v2\/posts\/1564\/revisions"}],"predecessor-version":[{"id":1566,"href":"https:\/\/var2.in.rs\/index.php\/wp-json\/wp\/v2\/posts\/1564\/revisions\/1566"}],"wp:attachment":[{"href":"https:\/\/var2.in.rs\/index.php\/wp-json\/wp\/v2\/media?parent=1564"}],"wp:term":[{"taxonomy":"category","embeddable":true,"href":"https:\/\/var2.in.rs\/index.php\/wp-json\/wp\/v2\/categories?post=1564"},{"taxonomy":"post_tag","embeddable":true,"href":"https:\/\/var2.in.rs\/index.php\/wp-json\/wp\/v2\/tags?post=1564"}],"curies":[{"name":"wp","href":"https:\/\/api.w.org\/{rel}","templated":true}]}}