{"id":1585,"date":"2026-03-31T07:41:43","date_gmt":"2026-03-31T07:41:43","guid":{"rendered":"https:\/\/var2.in.rs\/?p=1585"},"modified":"2026-03-31T07:41:56","modified_gmt":"2026-03-31T07:41:56","slug":"nisvil-poziva-zvezde-svih-zanrova-da-pevaju","status":"publish","type":"post","link":"https:\/\/var2.in.rs\/index.php\/2026\/03\/31\/nisvil-poziva-zvezde-svih-zanrova-da-pevaju\/","title":{"rendered":"Ni\u0161vil poziva zvezde svih \u017eanrova da pevaju"},"content":{"rendered":"\n<p><strong>\u0160abanove pesme<\/strong><\/p>\n\n\n\n<p>Predstoje\u0107e, trideset drugo izdanje Ni\u0161vil d\u017eez festivala bi\u0107e u znaku obele\u017eavanja 90 godina od ro\u0111enja kralja romske muzike \u0160abana Bajramovi\u0107a.<\/p>\n\n\n\n<figure class=\"wp-block-image size-large\"><img loading=\"lazy\" decoding=\"async\" width=\"884\" height=\"1024\" src=\"https:\/\/var2.in.rs\/wp-content\/uploads\/2026\/03\/Saban-Bajramovic-sa-Nisville-Grand-Prix-koji-nosi-njegovo-ime-884x1024.jpg\" alt=\"\" class=\"wp-image-1586\" srcset=\"https:\/\/var2.in.rs\/wp-content\/uploads\/2026\/03\/Saban-Bajramovic-sa-Nisville-Grand-Prix-koji-nosi-njegovo-ime-884x1024.jpg 884w, https:\/\/var2.in.rs\/wp-content\/uploads\/2026\/03\/Saban-Bajramovic-sa-Nisville-Grand-Prix-koji-nosi-njegovo-ime-259x300.jpg 259w, https:\/\/var2.in.rs\/wp-content\/uploads\/2026\/03\/Saban-Bajramovic-sa-Nisville-Grand-Prix-koji-nosi-njegovo-ime-768x889.jpg 768w, https:\/\/var2.in.rs\/wp-content\/uploads\/2026\/03\/Saban-Bajramovic-sa-Nisville-Grand-Prix-koji-nosi-njegovo-ime-1326x1536.jpg 1326w, https:\/\/var2.in.rs\/wp-content\/uploads\/2026\/03\/Saban-Bajramovic-sa-Nisville-Grand-Prix-koji-nosi-njegovo-ime.jpg 1360w\" sizes=\"auto, (max-width: 884px) 100vw, 884px\" \/><figcaption class=\"wp-element-caption\">KOKAN<\/figcaption><\/figure>\n\n\n\n<p>\u00a0Ukupno 16 bendova i orkestara iz zemlje I inostranstva ima \u0107e u svom repertoaru i deo \u0160abanovog kompozitorskog opusa .<\/p>\n\n\n\n<p>\u00a0 Ni\u0161vil poziva i najzna\u010dajnije izvo\u0111a\u010de pop, rok i narodne muzike da poka\u017eu svoje ume\u0107e izvo\u0111enja pojedinih \u0160abanovih pesama sa svojim ili festivalskim bendom.<\/p>\n\n\n\n<p>Prethodnih godina \u0160abanove pesme su izvodili Dado Topi\u0107, Zoran Predin, Yildiz Ibrahimova kao i \u010duveni bugarski hor Misteriozni glasovi.<\/p>\n\n\n\n<p>\u00a0 Zahvaljuju\u0107i Ni\u0161vilu &#8211; \u0160aban Bajramovic je jedini srpski umetnik koji je imao desetomese\u010dnu postavku u naj\u010duvenijem svetskom d\u017eez muzeju u Nju Orleansu &#8211; u dru\u0161tvu Luj Armstronga , Rej \u010carlsa i D\u017eejmsa Brauna.<\/p>\n\n\n\n<figure class=\"wp-block-image size-large\"><img loading=\"lazy\" decoding=\"async\" width=\"725\" height=\"1024\" src=\"https:\/\/var2.in.rs\/wp-content\/uploads\/2026\/03\/Spomenik-Sabanu-Bajramovicu-725x1024.jpg\" alt=\"\" class=\"wp-image-1587\" srcset=\"https:\/\/var2.in.rs\/wp-content\/uploads\/2026\/03\/Spomenik-Sabanu-Bajramovicu-725x1024.jpg 725w, https:\/\/var2.in.rs\/wp-content\/uploads\/2026\/03\/Spomenik-Sabanu-Bajramovicu-212x300.jpg 212w, https:\/\/var2.in.rs\/wp-content\/uploads\/2026\/03\/Spomenik-Sabanu-Bajramovicu-768x1085.jpg 768w, https:\/\/var2.in.rs\/wp-content\/uploads\/2026\/03\/Spomenik-Sabanu-Bajramovicu.jpg 1000w\" sizes=\"auto, (max-width: 725px) 100vw, 725px\" \/><\/figure>\n\n\n\n<p>\u00a0 Upravo gosti predstoje\u0107eg Ni\u0161vila bi\u0107e i muzi\u010dari iz Nju Orleansa koji \u0107e zajedno sa ni\u0161kim muzi\u010darima uve\u017ebavati i deo \u0160abanovog repertoara, a sve u sklopu mjuzikla &#8222;\u0160ljivovica&#8220; koji \u0107e premijerno biti izveden aprila 2027. u Nju Orleansu.<\/p>\n\n\n\n<p>\u0160aban Bajramovi\u0107 je ro\u0111en 16. aprila 1936. a preminuo 8. juna 2008. Komponovao je vi\u0161e od 700 kompozicija. U amfiteatru na ni\u0161avskom keju 2010. godine postavljen je njegov spomenik, a u Ni\u0161vil d\u017eez muzeju je 2018. godine dobio&nbsp; spomen sobu sa replikom originalnog spomenika. Najve\u0107a nagrada festivala \u201eNi\u0161ville Grand Prih\u201d za fuziju d\u017eeza i drugih muzi\u010dkih pravaca nosi ime \u0160abana Bajramovi\u0107a.<\/p>\n","protected":false},"excerpt":{"rendered":"<p>\u0160abanove pesme Predstoje\u0107e, trideset drugo izdanje Ni\u0161vil d\u017eez festivala bi\u0107e u znaku obele\u017eavanja [&hellip;]<\/p>\n","protected":false},"author":1,"featured_media":0,"comment_status":"closed","ping_status":"closed","sticky":false,"template":"","format":"standard","meta":{"footnotes":""},"categories":[1],"tags":[],"class_list":["post-1585","post","type-post","status-publish","format-standard","hentry","category-uncategorized"],"_links":{"self":[{"href":"https:\/\/var2.in.rs\/index.php\/wp-json\/wp\/v2\/posts\/1585","targetHints":{"allow":["GET"]}}],"collection":[{"href":"https:\/\/var2.in.rs\/index.php\/wp-json\/wp\/v2\/posts"}],"about":[{"href":"https:\/\/var2.in.rs\/index.php\/wp-json\/wp\/v2\/types\/post"}],"author":[{"embeddable":true,"href":"https:\/\/var2.in.rs\/index.php\/wp-json\/wp\/v2\/users\/1"}],"replies":[{"embeddable":true,"href":"https:\/\/var2.in.rs\/index.php\/wp-json\/wp\/v2\/comments?post=1585"}],"version-history":[{"count":1,"href":"https:\/\/var2.in.rs\/index.php\/wp-json\/wp\/v2\/posts\/1585\/revisions"}],"predecessor-version":[{"id":1588,"href":"https:\/\/var2.in.rs\/index.php\/wp-json\/wp\/v2\/posts\/1585\/revisions\/1588"}],"wp:attachment":[{"href":"https:\/\/var2.in.rs\/index.php\/wp-json\/wp\/v2\/media?parent=1585"}],"wp:term":[{"taxonomy":"category","embeddable":true,"href":"https:\/\/var2.in.rs\/index.php\/wp-json\/wp\/v2\/categories?post=1585"},{"taxonomy":"post_tag","embeddable":true,"href":"https:\/\/var2.in.rs\/index.php\/wp-json\/wp\/v2\/tags?post=1585"}],"curies":[{"name":"wp","href":"https:\/\/api.w.org\/{rel}","templated":true}]}}