{"id":1613,"date":"2026-05-02T14:21:08","date_gmt":"2026-05-02T14:21:08","guid":{"rendered":"https:\/\/var2.in.rs\/?p=1613"},"modified":"2026-05-02T14:21:51","modified_gmt":"2026-05-02T14:21:51","slug":"pocinje-prijava-za-volontere-nisville-festivala-2026","status":"publish","type":"post","link":"https:\/\/var2.in.rs\/index.php\/2026\/05\/02\/pocinje-prijava-za-volontere-nisville-festivala-2026\/","title":{"rendered":"PO\u010cINJE PRIJAVA ZA VOLONTERE \u201eNI\u0160VILLE FESTIVALA 2026\u201c!"},"content":{"rendered":"\n<p>Po ustaljenoj tradiciji, <strong>Ni\u0161ville Jazz Festival<\/strong> \u0107e i ove godine, 17-ti put zaredom imati aktivan volonterski program za predstoje\u0107e 32. izdanje, koje \u0107e biti odr\u017eano od 08. do 15. avgusta 2026.<\/p>\n\n\n\n<figure class=\"wp-block-image size-large\"><img loading=\"lazy\" decoding=\"async\" width=\"819\" height=\"1024\" src=\"https:\/\/var2.in.rs\/wp-content\/uploads\/2025\/08\/A15-819x1024.jpg\" alt=\"\" class=\"wp-image-1269\" srcset=\"https:\/\/var2.in.rs\/wp-content\/uploads\/2025\/08\/A15-819x1024.jpg 819w, https:\/\/var2.in.rs\/wp-content\/uploads\/2025\/08\/A15-240x300.jpg 240w, https:\/\/var2.in.rs\/wp-content\/uploads\/2025\/08\/A15-768x960.jpg 768w, https:\/\/var2.in.rs\/wp-content\/uploads\/2025\/08\/A15-1229x1536.jpg 1229w, https:\/\/var2.in.rs\/wp-content\/uploads\/2025\/08\/A15.jpg 1440w\" sizes=\"auto, (max-width: 819px) 100vw, 819px\" \/><\/figure>\n\n\n\n<p>I ovoga puta, cilj je da se mladim ljudima pru\u017ei jedinstvena prilika da doprinesu jednoj od najve\u0107ih srpskih i evropskih kulturnih manifestacija, a da istvremeno na produktivan i zabavan na\u010din iskoriste deo leta i unaprede sebe kroz aktivan i atraktivan volonterski program.<\/p>\n\n\n\n<p><strong>Konkurs za volontere N\u0161ville festivala je otvoren od petka, 1. maja do 30. juna 2026, za 200 mladih ljudi<\/strong> od 15 do 30 godina starosti, koji \u0107e zajedno 10 dana u\u010destvovati u volonterskom programu Ni\u0161vila od 07. do 16.avgusta 2026, a za volontere iz inostranstva predvi\u0111ena je aktivnost od 13. do 16. avgusta.<\/p>\n\n\n\n<figure class=\"wp-block-image size-large\"><img loading=\"lazy\" decoding=\"async\" width=\"745\" height=\"1024\" src=\"https:\/\/var2.in.rs\/wp-content\/uploads\/2025\/08\/A1-745x1024.jpg\" alt=\"\" class=\"wp-image-1255\" srcset=\"https:\/\/var2.in.rs\/wp-content\/uploads\/2025\/08\/A1-745x1024.jpg 745w, https:\/\/var2.in.rs\/wp-content\/uploads\/2025\/08\/A1-218x300.jpg 218w, https:\/\/var2.in.rs\/wp-content\/uploads\/2025\/08\/A1-768x1056.jpg 768w, https:\/\/var2.in.rs\/wp-content\/uploads\/2025\/08\/A1-1117x1536.jpg 1117w, https:\/\/var2.in.rs\/wp-content\/uploads\/2025\/08\/A1.jpg 1489w\" sizes=\"auto, (max-width: 745px) 100vw, 745px\" \/><\/figure>\n\n\n\n<p>Ina\u010de, kroz volonterski program festivala za proteklih 16 godina do sada je pro\u0161lo oko 4.000 volontera, po\u010dev od 2010. godine. U tom periodu volonterski tim je okupio mlade iz oko 150 razli\u010ditih gradova iz Srbije i inostranstva. Ni\u0161ville volonterski tim je 2012. godine dobio priznanje Grada Ni\u0161a u vidu zlatnika sa likom Cara Konstantina za poseban volonterski doprinos u promociji i razvoju kulture, a krajem 2013. volonterski program je progla\u0161en od strane \u201cKrovne organizacije mladih Srbije\u201d za najbolji omladinski projekat u toj godini.<\/p>\n\n\n\n<p>Ni\u0161ville Jazz Festival poziva sve zainteresovane kandidate iz zemlje i inostranstva da se prijave za volontiranje i svojim anga\u017emanom doprinesu realizaciji ovog zna\u010dajnog kulturnog doga\u0111aja.<\/p>\n\n\n\n<figure class=\"wp-block-image size-large\"><img loading=\"lazy\" decoding=\"async\" width=\"683\" height=\"1024\" src=\"https:\/\/var2.in.rs\/wp-content\/uploads\/2024\/02\/sm59-683x1024.jpg\" alt=\"\" class=\"wp-image-571\" srcset=\"https:\/\/var2.in.rs\/wp-content\/uploads\/2024\/02\/sm59-683x1024.jpg 683w, https:\/\/var2.in.rs\/wp-content\/uploads\/2024\/02\/sm59-200x300.jpg 200w, https:\/\/var2.in.rs\/wp-content\/uploads\/2024\/02\/sm59-768x1151.jpg 768w, https:\/\/var2.in.rs\/wp-content\/uploads\/2024\/02\/sm59-1025x1536.jpg 1025w, https:\/\/var2.in.rs\/wp-content\/uploads\/2024\/02\/sm59.jpg 1366w\" sizes=\"auto, (max-width: 683px) 100vw, 683px\" \/><\/figure>\n\n\n\n<p>Volonterski tim Ni\u0161vila i ove godine bi\u0107e podeljen na 10 sektora:<\/p>\n\n\n\n<p><em><strong>Doma\u0107in publike<\/strong><\/em>&nbsp;\u2013 Obavlja aktivnosti vezane za do\u010dek publike, od pregleda karata, zamena ulaznica za narukvice, do usmeravanja i sprovo\u0111enja publike u glavnom festivalskom prostoru.<\/p>\n\n\n\n<p><em><strong>Doma\u0107in muzi\u010dara<\/strong><\/em>&nbsp;\u2013 Brine o muzi\u010darima za vreme njihovog boravka u Ni\u0161u. Zadatak doma\u0107ina muzi\u010dara jeste da budu uz izvo\u0111a\u010de i obezbedi im ono \u0161to im je potrebno, kao i da ih sprovede do festivalskog prostora, sme\u0161taja, press centra, workshop-a, itd.<\/p>\n\n\n\n<p><em><strong>Marketing<\/strong><\/em>\u2013 Obavlja aktivnosti koje se ti\u010du brendiranja festivala i sponzora, od aktivnosti vezanih za postavku reklama do aktivnosti na reklamnim pultovima.<\/p>\n\n\n\n<p><em><strong>Press<\/strong><\/em>\u2013 Obavlja aktivnosti koje se ti\u010du organizacije i realizacije press slu\u017ebe festivala.<\/p>\n\n\n\n<p><em><strong>Tehni\u010dka podr\u0161ka<\/strong><\/em>&nbsp;\u2013 Obavlja aktivnosti vezane za podr\u0161ku u pripremanju bina i tehni\u010dkoj realizaciji na glavnim stejd\u017eevima, kao i na svim ostalim binama i scenama Ni\u0161ville festivala.<\/p>\n\n\n\n<p><em><strong>Logistika<\/strong><\/em>\u2013 Obavlja aktivnosti vezane za podr\u0161ku tokom pripreme i realizacije prate\u0107eg festivalskog programa, kao i u centralnom festivalskom prostoru.<\/p>\n\n\n\n<p><em><strong>Radionica<\/strong><\/em>\u2013 Obavlja aktivnosti vezane za organizaciju prostora i u\u010desnika festivalskih radionica, kao i prate\u0107eg edukativnog matine programa.<\/p>\n\n\n\n<p><em><strong>Obezbe\u0111enje<\/strong><\/em>\u2013 Obavlja aktivnosti redarske slu\u017ebe vezane za podr\u0161ku slu\u017ebi profesionalnog obezbe\u0111enja na svim festivalskim lokacijama.<\/p>\n\n\n\n<p><em><strong>Ketering<\/strong><\/em> \u2013 Obavlja aktivnosti u dostavi hrane i pi\u0107a za izvo\u0111a\u010de, tehniku i volontere na svim festivalskim lokacijama.<\/p>\n\n\n\n<p><em><strong>Social Networks sektor<\/strong><\/em> \u2013 Obavlja aktivnosti promocije programa festivala na dru\u0161tvenim mre\u017eama i sl.<\/p>\n\n\n\n<p><strong>Prijavu je potrebno izvr\u0161iti popunjavanjem formulara na oficijelnom sajtu festivala, ili direktno na linku <\/strong><a href=\"https:\/\/links.nisville.com\/pzvol-sr\" target=\"_blank\" rel=\"noreferrer noopener\"><strong>https:\/\/links.nisville.com\/pzvol-sr<\/strong><\/a><\/p>\n\n\n\n<p>Kompletno popunjen formular poslati na e-mail adresu <a href=\"mailto:volunteers@nisville.com\"><u>volunteers@nisville.com<\/u><\/a><\/p>\n\n\n\n<p><strong>Konkurs je otvoren do 30. juna, kada \u0107e se i forma za prijavljivanje zatvoriti.<\/strong><\/p>\n\n\n\n<figure class=\"wp-block-image size-full\"><img loading=\"lazy\" decoding=\"async\" width=\"960\" height=\"657\" src=\"https:\/\/var2.in.rs\/wp-content\/uploads\/2024\/02\/sm11.jpg\" alt=\"\" class=\"wp-image-526\" srcset=\"https:\/\/var2.in.rs\/wp-content\/uploads\/2024\/02\/sm11.jpg 960w, https:\/\/var2.in.rs\/wp-content\/uploads\/2024\/02\/sm11-300x205.jpg 300w, https:\/\/var2.in.rs\/wp-content\/uploads\/2024\/02\/sm11-768x526.jpg 768w\" sizes=\"auto, (max-width: 960px) 100vw, 960px\" \/><\/figure>\n\n\n\n<p>Intervjui sa kandidatima i bi\u0107e obavljeni u intervalu od 8. do 18.jula 2026. Selekcija odabranih kandidata bi\u0107e izvr\u0161ena do 22.jula 2026.<\/p>\n\n\n\n<p>Eventualna pitanja ili probleme pri prijavljivanju mo\u017eete prijaviti e-mailom na adresu:&nbsp;<a href=\"mailto:volunteers@nisville.com\"><u>volunteers@nisville.com<\/u><\/a> &nbsp;<\/p>\n\n\n\n<p><\/p>\n","protected":false},"excerpt":{"rendered":"<p>Po ustaljenoj tradiciji, Ni\u0161ville Jazz Festival \u0107e i ove godine, 17-ti put zaredom [&hellip;]<\/p>\n","protected":false},"author":2,"featured_media":0,"comment_status":"closed","ping_status":"closed","sticky":false,"template":"","format":"standard","meta":{"footnotes":""},"categories":[1],"tags":[],"class_list":["post-1613","post","type-post","status-publish","format-standard","hentry","category-uncategorized"],"_links":{"self":[{"href":"https:\/\/var2.in.rs\/index.php\/wp-json\/wp\/v2\/posts\/1613","targetHints":{"allow":["GET"]}}],"collection":[{"href":"https:\/\/var2.in.rs\/index.php\/wp-json\/wp\/v2\/posts"}],"about":[{"href":"https:\/\/var2.in.rs\/index.php\/wp-json\/wp\/v2\/types\/post"}],"author":[{"embeddable":true,"href":"https:\/\/var2.in.rs\/index.php\/wp-json\/wp\/v2\/users\/2"}],"replies":[{"embeddable":true,"href":"https:\/\/var2.in.rs\/index.php\/wp-json\/wp\/v2\/comments?post=1613"}],"version-history":[{"count":1,"href":"https:\/\/var2.in.rs\/index.php\/wp-json\/wp\/v2\/posts\/1613\/revisions"}],"predecessor-version":[{"id":1614,"href":"https:\/\/var2.in.rs\/index.php\/wp-json\/wp\/v2\/posts\/1613\/revisions\/1614"}],"wp:attachment":[{"href":"https:\/\/var2.in.rs\/index.php\/wp-json\/wp\/v2\/media?parent=1613"}],"wp:term":[{"taxonomy":"category","embeddable":true,"href":"https:\/\/var2.in.rs\/index.php\/wp-json\/wp\/v2\/categories?post=1613"},{"taxonomy":"post_tag","embeddable":true,"href":"https:\/\/var2.in.rs\/index.php\/wp-json\/wp\/v2\/tags?post=1613"}],"curies":[{"name":"wp","href":"https:\/\/api.w.org\/{rel}","templated":true}]}}